{"id":2426,"date":"2026-04-26T12:02:23","date_gmt":"2026-04-26T15:02:23","guid":{"rendered":"https:\/\/ocapixabense.com.br\/?p=2426"},"modified":"2026-04-26T13:27:43","modified_gmt":"2026-04-26T16:27:43","slug":"eleicoes-2026-es-marquinhos-jilo-tem-se-apresentado-como-uma-das-melhores-opcoes-para-uma-vaga-de-pre-candidato-a-deputado-estadual","status":"publish","type":"post","link":"https:\/\/ocapixabense.com.br\/index.php\/2026\/04\/26\/eleicoes-2026-es-marquinhos-jilo-tem-se-apresentado-como-uma-das-melhores-opcoes-para-uma-vaga-de-pre-candidato-a-deputado-estadual\/","title":{"rendered":"Elei\u00e7\u00f5es 2026 ES &#8211;  Marquinhos Jil\u00f3 tem se apresentado como uma das melhores op\u00e7\u00f5es para uma vaga de pr\u00e9-candidato a  deputado Estadual"},"content":{"rendered":"<p><span style=\"font-size: 28px;\"><strong>Marquinhos Jil\u00f3: Da Dire\u00e7\u00e3o do Transporte \u00e0 Defesa da Sociedade Capixaba<\/strong><\/span><\/p>\n<p><img fetchpriority=\"high\" decoding=\"async\" class=\"alignnone  wp-image-2454\" src=\"https:\/\/ocapixabense.com.br\/wp-content\/uploads\/2026\/04\/542479559_17880472680385085_5591897177737617655_n.jpg\" alt=\"\" width=\"317\" height=\"317\" \/><\/p>\n<p><span style=\"font-size: 28px;\">\u00a0 \u00a0 \u00a0\u00a0A trajet\u00f3ria de <strong>Marquinhos Jil\u00f3<\/strong> \u00e9 marcada por uma conex\u00e3o profunda com o cotidiano das ruas e com a for\u00e7a de trabalho que move o Esp\u00edrito Santo. Atual presidente do <strong>Sindirodovi\u00e1rios-ES<\/strong>, Jil\u00f3 consolidou sua imagem n\u00e3o apenas como um l\u00edder sindical, mas como um articulador social que compreende os desafios da mobilidade, da seguran\u00e7a e da dignidade humana no estado.<\/span><\/p>\n<p><span style=\"font-size: 28px;\"><strong>Uma Vida de Presta\u00e7\u00e3o de Servi\u00e7o<\/strong><\/span><strong><img decoding=\"async\" class=\"alignnone  wp-image-2436\" src=\"https:\/\/ocapixabense.com.br\/wp-content\/uploads\/2026\/04\/672369621_17909428230385085_4600927736042042189_n-240x300.jpg\" alt=\"\" width=\"527\" height=\"658\" srcset=\"https:\/\/ocapixabense.com.br\/wp-content\/uploads\/2026\/04\/672369621_17909428230385085_4600927736042042189_n-240x300.jpg 240w, https:\/\/ocapixabense.com.br\/wp-content\/uploads\/2026\/04\/672369621_17909428230385085_4600927736042042189_n-819x1024.jpg 819w, https:\/\/ocapixabense.com.br\/wp-content\/uploads\/2026\/04\/672369621_17909428230385085_4600927736042042189_n-768x960.jpg 768w, https:\/\/ocapixabense.com.br\/wp-content\/uploads\/2026\/04\/672369621_17909428230385085_4600927736042042189_n-336x420.jpg 336w, https:\/\/ocapixabense.com.br\/wp-content\/uploads\/2026\/04\/672369621_17909428230385085_4600927736042042189_n-150x188.jpg 150w, https:\/\/ocapixabense.com.br\/wp-content\/uploads\/2026\/04\/672369621_17909428230385085_4600927736042042189_n-300x375.jpg 300w, https:\/\/ocapixabense.com.br\/wp-content\/uploads\/2026\/04\/672369621_17909428230385085_4600927736042042189_n-696x870.jpg 696w, https:\/\/ocapixabense.com.br\/wp-content\/uploads\/2026\/04\/672369621_17909428230385085_4600927736042042189_n-1068x1335.jpg 1068w, https:\/\/ocapixabense.com.br\/wp-content\/uploads\/2026\/04\/672369621_17909428230385085_4600927736042042189_n.jpg 1080w\" sizes=\"(max-width: 527px) 100vw, 527px\" \/><\/strong><\/p>\n<p>\u00a0(foto divulga\u00e7\u00e3o) instagran @marquinhosjilo<\/p>\n<p><span style=\"font-size: 28px;\">A hist\u00f3ria de Jil\u00f3 no setor de transportes come\u00e7ou no volante, vivenciando na pele as dificuldades da categoria rodovi\u00e1ria. Sua ascens\u00e3o \u00e0 presid\u00eancia do sindicato foi pautada por resultados concretos:<\/span><\/p>\n<p><span style=\"font-size: 28px;\"><strong>Lutas Hist\u00f3ricas:<\/strong> Foi voz ativa na defesa do fim da escala 6&#215;1 e na busca por jornadas de trabalho mais humanas, combatendo o adoecimento f\u00edsico e mental dos trabalhadores.<\/span><\/p>\n<p><span style=\"font-size: 28px;\"><strong>Seguran\u00e7a P\u00fablica:<\/strong> Atuou incansavelmente na cobran\u00e7a de medidas contra a viol\u00eancia no transporte coletivo, mobilizando autoridades ap\u00f3s epis\u00f3dios cr\u00edticos de inseguran\u00e7a que afetavam tanto trabalhadores quanto passageiros.<\/span><\/p>\n<p><span style=\"font-size: 28px;\"><strong>Di\u00e1logo Institucional:<\/strong> Representou a categoria em audi\u00eancias p\u00fablicas cruciais na Assembleia Legislativa e em c\u00e2maras municipais (como Serra e Viana), defendendo que um transporte eficiente \u00e9 um direito de todos, n\u00e3o apenas uma quest\u00e3o t\u00e9cnica.<\/span><\/p>\n<p><span style=\"font-size: 36px;\"><strong>Jil\u00f3 \u00e9 a pessoa que mais se identifica com sua categoria . Por isso seu nome tem sido apoiado por muitos para uma vaga\u00a0 Assembleia Legislativa<\/strong><\/span><\/p>\n<p><img decoding=\"async\" class=\"alignnone  wp-image-2453\" src=\"https:\/\/ocapixabense.com.br\/wp-content\/uploads\/2026\/04\/541969049_17880475203385085_7184928973449967655_n-225x300.jpg\" alt=\"\" width=\"429\" height=\"572\" srcset=\"https:\/\/ocapixabense.com.br\/wp-content\/uploads\/2026\/04\/541969049_17880475203385085_7184928973449967655_n-225x300.jpg 225w, https:\/\/ocapixabense.com.br\/wp-content\/uploads\/2026\/04\/541969049_17880475203385085_7184928973449967655_n-768x1024.jpg 768w, https:\/\/ocapixabense.com.br\/wp-content\/uploads\/2026\/04\/541969049_17880475203385085_7184928973449967655_n-1152x1536.jpg 1152w, https:\/\/ocapixabense.com.br\/wp-content\/uploads\/2026\/04\/541969049_17880475203385085_7184928973449967655_n-315x420.jpg 315w, https:\/\/ocapixabense.com.br\/wp-content\/uploads\/2026\/04\/541969049_17880475203385085_7184928973449967655_n-150x200.jpg 150w, https:\/\/ocapixabense.com.br\/wp-content\/uploads\/2026\/04\/541969049_17880475203385085_7184928973449967655_n-300x400.jpg 300w, https:\/\/ocapixabense.com.br\/wp-content\/uploads\/2026\/04\/541969049_17880475203385085_7184928973449967655_n-696x928.jpg 696w, https:\/\/ocapixabense.com.br\/wp-content\/uploads\/2026\/04\/541969049_17880475203385085_7184928973449967655_n-1068x1424.jpg 1068w, https:\/\/ocapixabense.com.br\/wp-content\/uploads\/2026\/04\/541969049_17880475203385085_7184928973449967655_n.jpg 1440w\" sizes=\"(max-width: 429px) 100vw, 429px\" \/><\/p>\n<p><span style=\"font-size: 28px;\">A decis\u00e3o de se apresentar como pr\u00e9-candidato a <strong>Deputado Estadual<\/strong> surge como uma extens\u00e3o natural de sua presta\u00e7\u00e3o de servi\u00e7o. Jil\u00f3 entende que as vit\u00f3rias alcan\u00e7adas no sindicato podem ser ampliadas para toda a popula\u00e7\u00e3o capixaba atrav\u00e9s da formula\u00e7\u00e3o de leis e da fiscaliza\u00e7\u00e3o do Poder Executivo.<\/span><\/p>\n<p><img loading=\"lazy\" decoding=\"async\" class=\"alignnone  wp-image-2437\" src=\"https:\/\/ocapixabense.com.br\/wp-content\/uploads\/2026\/04\/674436087_17909428212385085_7846528944642183877_n-240x300.jpg\" alt=\"\" width=\"403\" height=\"504\" srcset=\"https:\/\/ocapixabense.com.br\/wp-content\/uploads\/2026\/04\/674436087_17909428212385085_7846528944642183877_n-240x300.jpg 240w, https:\/\/ocapixabense.com.br\/wp-content\/uploads\/2026\/04\/674436087_17909428212385085_7846528944642183877_n-819x1024.jpg 819w, https:\/\/ocapixabense.com.br\/wp-content\/uploads\/2026\/04\/674436087_17909428212385085_7846528944642183877_n-768x960.jpg 768w, https:\/\/ocapixabense.com.br\/wp-content\/uploads\/2026\/04\/674436087_17909428212385085_7846528944642183877_n-336x420.jpg 336w, https:\/\/ocapixabense.com.br\/wp-content\/uploads\/2026\/04\/674436087_17909428212385085_7846528944642183877_n-150x188.jpg 150w, https:\/\/ocapixabense.com.br\/wp-content\/uploads\/2026\/04\/674436087_17909428212385085_7846528944642183877_n-300x375.jpg 300w, https:\/\/ocapixabense.com.br\/wp-content\/uploads\/2026\/04\/674436087_17909428212385085_7846528944642183877_n-696x870.jpg 696w, https:\/\/ocapixabense.com.br\/wp-content\/uploads\/2026\/04\/674436087_17909428212385085_7846528944642183877_n-1068x1335.jpg 1068w, https:\/\/ocapixabense.com.br\/wp-content\/uploads\/2026\/04\/674436087_17909428212385085_7846528944642183877_n.jpg 1080w\" sizes=\"(max-width: 403px) 100vw, 403px\" \/><\/p>\n<p>\u00a0 \u00a0 \u00a0 \u00a0 \u00a0 (foto divulga\u00e7\u00e3o) instagran @marquinhosjilo<\/p>\n<p><span style=\"font-size: 28px;\"><strong>Assim, ap\u00f3s uma pesquisa e conversas com alguns profissionais, conclu\u00edmos que Marquinhos Jil\u00f3 ser\u00e1 \u00a0uma \u00a0Voz das Ruas no Parlamento capixaba.<\/strong><\/span><\/p>\n<p>&nbsp;<\/p>\n<p><span style=\"font-size: 24px;\">Marquinhos Jil\u00f3 n\u00e3o \u00e9 apenas um nome nos bastidores pol\u00edticos; ele \u00e9 uma lideran\u00e7a testada nas negocia\u00e7\u00f5es e nas mobiliza\u00e7\u00f5es de massa.<\/span><\/p>\n<p><span style=\"font-size: 24px;\"> Sua pr\u00e9-candidatura representa a possibilidade de levar para a Assembleia Legislativa a experi\u00eancia de quem conhece os gargalos do estado sob a \u00f3tica de quem est\u00e1 na ponta, servindo o povo diariamente.<\/span><\/p>\n<p><img loading=\"lazy\" decoding=\"async\" class=\"alignnone  wp-image-2438\" src=\"https:\/\/ocapixabense.com.br\/wp-content\/uploads\/2026\/04\/680748089_17909835387385085_3593437077672854799_n-169x300.jpg\" alt=\"\" width=\"389\" height=\"691\" srcset=\"https:\/\/ocapixabense.com.br\/wp-content\/uploads\/2026\/04\/680748089_17909835387385085_3593437077672854799_n-169x300.jpg 169w, https:\/\/ocapixabense.com.br\/wp-content\/uploads\/2026\/04\/680748089_17909835387385085_3593437077672854799_n-576x1024.jpg 576w, https:\/\/ocapixabense.com.br\/wp-content\/uploads\/2026\/04\/680748089_17909835387385085_3593437077672854799_n-768x1365.jpg 768w, https:\/\/ocapixabense.com.br\/wp-content\/uploads\/2026\/04\/680748089_17909835387385085_3593437077672854799_n-864x1536.jpg 864w, https:\/\/ocapixabense.com.br\/wp-content\/uploads\/2026\/04\/680748089_17909835387385085_3593437077672854799_n-236x420.jpg 236w, https:\/\/ocapixabense.com.br\/wp-content\/uploads\/2026\/04\/680748089_17909835387385085_3593437077672854799_n-150x267.jpg 150w, https:\/\/ocapixabense.com.br\/wp-content\/uploads\/2026\/04\/680748089_17909835387385085_3593437077672854799_n-300x533.jpg 300w, https:\/\/ocapixabense.com.br\/wp-content\/uploads\/2026\/04\/680748089_17909835387385085_3593437077672854799_n-696x1237.jpg 696w, https:\/\/ocapixabense.com.br\/wp-content\/uploads\/2026\/04\/680748089_17909835387385085_3593437077672854799_n-1068x1899.jpg 1068w, https:\/\/ocapixabense.com.br\/wp-content\/uploads\/2026\/04\/680748089_17909835387385085_3593437077672854799_n.jpg 1080w\" sizes=\"(max-width: 389px) 100vw, 389px\" \/><\/p>\n<p>\u00a0 \u00a0(foto divulga\u00e7\u00e3o) instagran @marquinhosjilo<\/p>\n<p><span style=\"font-size: 24px;\"><strong><em><u>&#8220;A pol\u00edtica \u00e9 a ferramenta para transformar a indigna\u00e7\u00e3o em solu\u00e7\u00e3o. Nossa luta sempre foi coletiva, e agora o desafio \u00e9 levar essa voz para onde as leis s\u00e3o feitas.&#8221; \u2014 Marquinhos Jil\u00f3<\/u><\/em><\/strong><\/span><\/p>\n<p>&nbsp;<\/p>\n<p>Sobre o Autor:<\/p>\n<p><img loading=\"lazy\" decoding=\"async\" class=\"alignnone  wp-image-2468\" src=\"https:\/\/ocapixabense.com.br\/wp-content\/uploads\/2026\/04\/foto1-245x300.jpg\" alt=\"\" width=\"135\" height=\"165\" srcset=\"https:\/\/ocapixabense.com.br\/wp-content\/uploads\/2026\/04\/foto1-245x300.jpg 245w, https:\/\/ocapixabense.com.br\/wp-content\/uploads\/2026\/04\/foto1-836x1024.jpg 836w, https:\/\/ocapixabense.com.br\/wp-content\/uploads\/2026\/04\/foto1-768x941.jpg 768w, https:\/\/ocapixabense.com.br\/wp-content\/uploads\/2026\/04\/foto1-1254x1536.jpg 1254w, https:\/\/ocapixabense.com.br\/wp-content\/uploads\/2026\/04\/foto1-343x420.jpg 343w, https:\/\/ocapixabense.com.br\/wp-content\/uploads\/2026\/04\/foto1-150x184.jpg 150w, https:\/\/ocapixabense.com.br\/wp-content\/uploads\/2026\/04\/foto1-300x367.jpg 300w, https:\/\/ocapixabense.com.br\/wp-content\/uploads\/2026\/04\/foto1-696x853.jpg 696w, https:\/\/ocapixabense.com.br\/wp-content\/uploads\/2026\/04\/foto1-1068x1308.jpg 1068w, https:\/\/ocapixabense.com.br\/wp-content\/uploads\/2026\/04\/foto1.jpg 1449w\" sizes=\"(max-width: 135px) 100vw, 135px\" \/><\/p>\n<p data-path-to-node=\"3\"><b data-path-to-node=\"3\" data-index-in-node=\"0\">Carlos Lucas do Nascimento, \u00e9 pastor, professor, escritor, psicanalista,\u00a0 <\/b>\u00a0jornalista (MTB 0022608\/MG) e bacharel em Direito pela UNEC. Possui uma s\u00f3lida trajet\u00f3ria acad\u00eamica com m\u00faltiplas licenciaturas, incluindo Matem\u00e1tica, Letras (Portugu\u00eas\/Ingl\u00eas), Sociologia, Hist\u00f3ria, Geografia, Filosofia, Ci\u00eancias da Religi\u00e3o e Educa\u00e7\u00e3o Especial, Pedagogia . P\u00f3s graduado em Direito Imobili\u00e1rio, Urbanismo, Neuropsicopedagogia , Psicanalise Cl\u00ednica , Gest\u00e3o Educacional e Intermedia\u00e7\u00f5es e Conflitos .<\/p>\n","protected":false},"excerpt":{"rendered":"<p>Marquinhos Jil\u00f3: Da Dire\u00e7\u00e3o do Transporte \u00e0 Defesa da Sociedade Capixaba \u00a0 \u00a0 \u00a0\u00a0A trajet\u00f3ria de Marquinhos Jil\u00f3 \u00e9 marcada por uma conex\u00e3o profunda com o cotidiano das ruas e com a for\u00e7a de trabalho que move o Esp\u00edrito Santo. Atual presidente do Sindirodovi\u00e1rios-ES, Jil\u00f3 consolidou sua imagem n\u00e3o apenas como um l\u00edder sindical, mas [&hellip;]<\/p>\n","protected":false},"author":2,"featured_media":2436,"comment_status":"closed","ping_status":"closed","sticky":false,"template":"","format":"standard","meta":{"_acf_changed":false,"footnotes":""},"categories":[1],"tags":[],"class_list":{"0":"post-2426","1":"post","2":"type-post","3":"status-publish","4":"format-standard","5":"has-post-thumbnail","7":"category-eleicoes-2026"},"acf":[],"_links":{"self":[{"href":"https:\/\/ocapixabense.com.br\/index.php\/wp-json\/wp\/v2\/posts\/2426","targetHints":{"allow":["GET"]}}],"collection":[{"href":"https:\/\/ocapixabense.com.br\/index.php\/wp-json\/wp\/v2\/posts"}],"about":[{"href":"https:\/\/ocapixabense.com.br\/index.php\/wp-json\/wp\/v2\/types\/post"}],"author":[{"embeddable":true,"href":"https:\/\/ocapixabense.com.br\/index.php\/wp-json\/wp\/v2\/users\/2"}],"replies":[{"embeddable":true,"href":"https:\/\/ocapixabense.com.br\/index.php\/wp-json\/wp\/v2\/comments?post=2426"}],"version-history":[{"count":7,"href":"https:\/\/ocapixabense.com.br\/index.php\/wp-json\/wp\/v2\/posts\/2426\/revisions"}],"predecessor-version":[{"id":2472,"href":"https:\/\/ocapixabense.com.br\/index.php\/wp-json\/wp\/v2\/posts\/2426\/revisions\/2472"}],"wp:featuredmedia":[{"embeddable":true,"href":"https:\/\/ocapixabense.com.br\/index.php\/wp-json\/wp\/v2\/media\/2436"}],"wp:attachment":[{"href":"https:\/\/ocapixabense.com.br\/index.php\/wp-json\/wp\/v2\/media?parent=2426"}],"wp:term":[{"taxonomy":"category","embeddable":true,"href":"https:\/\/ocapixabense.com.br\/index.php\/wp-json\/wp\/v2\/categories?post=2426"},{"taxonomy":"post_tag","embeddable":true,"href":"https:\/\/ocapixabense.com.br\/index.php\/wp-json\/wp\/v2\/tags?post=2426"}],"curies":[{"name":"wp","href":"https:\/\/api.w.org\/{rel}","templated":true}]}}